{"id":447,"date":"2025-02-07T13:34:32","date_gmt":"2025-02-07T12:34:32","guid":{"rendered":"https:\/\/www.foerdervereinzgapragserwildsee.com\/2025\/02\/07\/ernennung-zum-institutsdirektor\/"},"modified":"2025-08-05T09:59:37","modified_gmt":"2025-08-05T07:59:37","slug":"ernennung-zum-institutsdirektor","status":"publish","type":"post","link":"https:\/\/www.foerdervereinzgapragserwildsee.com\/it\/2025\/02\/07\/ernennung-zum-institutsdirektor\/","title":{"rendered":"Nomina a direttore dell&#8217;istituto"},"content":{"rendered":"<p>Lo storico e professore di storia contemporanea all&#8217;Universit\u00e0 di Bolzano Andrea Di Michele \u00e8 stato recentemente nominato direttore scientifico dell&#8217;Istituto per la storia della resistenza e la storia contemporanea &#8220;Ferruccio Parri&#8221; di Milano. Fondato nel 1949, questo istituto coordina la rete degli istituti per la storia della resistenza e la storia contemporanea in tutta Italia.<\/p>\n<p>Il Prof. Andrea Di Michele \u00e8 da molti anni membro della nostra associazione ed \u00e8 stato pi\u00f9 volte relatore in occasione di convegni di storia contemporanea al Lago di Braies.<\/p>\n<p>Ci congratuliamo con lui per l&#8217;importante nomina e gli auguriamo ogni bene e successo per il suo lavoro scientifico.<\/p>\n","protected":false},"excerpt":{"rendered":"Lo storico e professore di storia contemporanea all&#8217;Universit\u00e0 di Bolzano Andrea Di Michele \u00e8 stato recentemente nominato direttore scientifico dell&#8217;Istituto per la storia della resistenza e la storia contemporanea &#8220;Ferruccio Parri&#8221; di Milano. Fondato nel 1949, questo istituto coordina la rete degli istituti per la storia della resistenza e la storia contemporanea in tutta Italia&#8230;.","protected":false},"author":1,"featured_media":302,"comment_status":"closed","ping_status":"open","sticky":false,"template":"","format":"standard","meta":{"inline_featured_image":false,"footnotes":""},"categories":[2],"tags":[],"class_list":["post-447","post","type-post","status-publish","format-standard","has-post-thumbnail","hentry","category-non-categorizzato"],"acf":[],"yoast_head":"<!-- This site is optimized with the Yoast SEO plugin v25.1 - https:\/\/yoast.com\/wordpress\/plugins\/seo\/ -->\n<title>Nomina a direttore dell&#039;istituto - F\u00f6rderverein Zeitgeschichtsarchiv Pragser Wildsee<\/title>\n<meta name=\"robots\" content=\"index, follow, max-snippet:-1, max-image-preview:large, max-video-preview:-1\" \/>\n<link rel=\"canonical\" href=\"https:\/\/www.foerdervereinzgapragserwildsee.com\/it\/2025\/02\/07\/ernennung-zum-institutsdirektor\/\" \/>\n<meta property=\"og:locale\" content=\"it_IT\" \/>\n<meta property=\"og:type\" content=\"article\" \/>\n<meta property=\"og:title\" content=\"Nomina a direttore dell&#039;istituto - F\u00f6rderverein Zeitgeschichtsarchiv Pragser Wildsee\" \/>\n<meta property=\"og:description\" content=\"Lo storico e professore di storia contemporanea all&#8217;Universit\u00e0 di Bolzano Andrea Di Michele \u00e8 stato recentemente nominato direttore scientifico dell&#8217;Istituto per la storia della resistenza e la storia contemporanea &#8220;Ferruccio Parri&#8221; di Milano. Fondato nel 1949, questo istituto coordina la rete degli istituti per la storia della resistenza e la storia contemporanea in tutta Italia....\" \/>\n<meta property=\"og:url\" content=\"https:\/\/www.foerdervereinzgapragserwildsee.com\/it\/2025\/02\/07\/ernennung-zum-institutsdirektor\/\" \/>\n<meta property=\"og:site_name\" content=\"F\u00f6rderverein Zeitgeschichtsarchiv Pragser Wildsee\" \/>\n<meta property=\"article:published_time\" content=\"2025-02-07T12:34:32+00:00\" \/>\n<meta property=\"article:modified_time\" content=\"2025-08-05T07:59:37+00:00\" \/>\n<meta property=\"og:image\" content=\"https:\/\/www.foerdervereinzgapragserwildsee.com\/wp-content\/uploads\/2025\/06\/andrea-di-michele.jpg\" \/>\n\t<meta property=\"og:image:width\" content=\"1048\" \/>\n\t<meta property=\"og:image:height\" content=\"700\" \/>\n\t<meta property=\"og:image:type\" content=\"image\/jpeg\" \/>\n<meta name=\"author\" content=\"prags_admin\" \/>\n<meta name=\"twitter:card\" content=\"summary_large_image\" \/>\n<meta name=\"twitter:label1\" content=\"Scritto da\" \/>\n\t<meta name=\"twitter:data1\" content=\"prags_admin\" \/>\n\t<meta name=\"twitter:label2\" content=\"Tempo di lettura stimato\" \/>\n\t<meta name=\"twitter:data2\" content=\"1 minuto\" \/>\n<script type=\"application\/ld+json\" class=\"yoast-schema-graph\">{\"@context\":\"https:\/\/schema.org\",\"@graph\":[{\"@type\":\"WebPage\",\"@id\":\"https:\/\/www.foerdervereinzgapragserwildsee.com\/it\/2025\/02\/07\/ernennung-zum-institutsdirektor\/\",\"url\":\"https:\/\/www.foerdervereinzgapragserwildsee.com\/it\/2025\/02\/07\/ernennung-zum-institutsdirektor\/\",\"name\":\"Nomina a direttore dell'istituto - F\u00f6rderverein Zeitgeschichtsarchiv Pragser Wildsee\",\"isPartOf\":{\"@id\":\"https:\/\/www.foerdervereinzgapragserwildsee.com\/it\/#website\"},\"primaryImageOfPage\":{\"@id\":\"https:\/\/www.foerdervereinzgapragserwildsee.com\/it\/2025\/02\/07\/ernennung-zum-institutsdirektor\/#primaryimage\"},\"image\":{\"@id\":\"https:\/\/www.foerdervereinzgapragserwildsee.com\/it\/2025\/02\/07\/ernennung-zum-institutsdirektor\/#primaryimage\"},\"thumbnailUrl\":\"https:\/\/www.foerdervereinzgapragserwildsee.com\/wp-content\/uploads\/2025\/06\/andrea-di-michele.jpg\",\"datePublished\":\"2025-02-07T12:34:32+00:00\",\"dateModified\":\"2025-08-05T07:59:37+00:00\",\"author\":{\"@id\":\"https:\/\/www.foerdervereinzgapragserwildsee.com\/it\/#\/schema\/person\/d85191c40fdf05889e1d86ea74509541\"},\"breadcrumb\":{\"@id\":\"https:\/\/www.foerdervereinzgapragserwildsee.com\/it\/2025\/02\/07\/ernennung-zum-institutsdirektor\/#breadcrumb\"},\"inLanguage\":\"it-IT\",\"potentialAction\":[{\"@type\":\"ReadAction\",\"target\":[\"https:\/\/www.foerdervereinzgapragserwildsee.com\/it\/2025\/02\/07\/ernennung-zum-institutsdirektor\/\"]}]},{\"@type\":\"ImageObject\",\"inLanguage\":\"it-IT\",\"@id\":\"https:\/\/www.foerdervereinzgapragserwildsee.com\/it\/2025\/02\/07\/ernennung-zum-institutsdirektor\/#primaryimage\",\"url\":\"https:\/\/www.foerdervereinzgapragserwildsee.com\/wp-content\/uploads\/2025\/06\/andrea-di-michele.jpg\",\"contentUrl\":\"https:\/\/www.foerdervereinzgapragserwildsee.com\/wp-content\/uploads\/2025\/06\/andrea-di-michele.jpg\",\"width\":1048,\"height\":700},{\"@type\":\"BreadcrumbList\",\"@id\":\"https:\/\/www.foerdervereinzgapragserwildsee.com\/it\/2025\/02\/07\/ernennung-zum-institutsdirektor\/#breadcrumb\",\"itemListElement\":[{\"@type\":\"ListItem\",\"position\":1,\"name\":\"Home\",\"item\":\"https:\/\/www.foerdervereinzgapragserwildsee.com\/it\/\"},{\"@type\":\"ListItem\",\"position\":2,\"name\":\"Nomina a direttore dell&#8217;istituto\"}]},{\"@type\":\"WebSite\",\"@id\":\"https:\/\/www.foerdervereinzgapragserwildsee.com\/it\/#website\",\"url\":\"https:\/\/www.foerdervereinzgapragserwildsee.com\/it\/\",\"name\":\"F\u00f6rderverein Zeitgeschichtsarchiv Pragser Wildsee\",\"description\":\"\",\"potentialAction\":[{\"@type\":\"SearchAction\",\"target\":{\"@type\":\"EntryPoint\",\"urlTemplate\":\"https:\/\/www.foerdervereinzgapragserwildsee.com\/it\/?s={search_term_string}\"},\"query-input\":{\"@type\":\"PropertyValueSpecification\",\"valueRequired\":true,\"valueName\":\"search_term_string\"}}],\"inLanguage\":\"it-IT\"},{\"@type\":\"Person\",\"@id\":\"https:\/\/www.foerdervereinzgapragserwildsee.com\/it\/#\/schema\/person\/d85191c40fdf05889e1d86ea74509541\",\"name\":\"prags_admin\",\"image\":{\"@type\":\"ImageObject\",\"inLanguage\":\"it-IT\",\"@id\":\"https:\/\/www.foerdervereinzgapragserwildsee.com\/it\/#\/schema\/person\/image\/\",\"url\":\"https:\/\/secure.gravatar.com\/avatar\/848cf00334619f3f7e61be36783a2d36dacdd05431cc9280845b20a1da3a5385?s=96&d=mm&r=g\",\"contentUrl\":\"https:\/\/secure.gravatar.com\/avatar\/848cf00334619f3f7e61be36783a2d36dacdd05431cc9280845b20a1da3a5385?s=96&d=mm&r=g\",\"caption\":\"prags_admin\"},\"sameAs\":[\"https:\/\/www.foerdervereinzgapragserwildsee.com\"],\"url\":\"https:\/\/www.foerdervereinzgapragserwildsee.com\/it\/author\/prags_admin\/\"}]}<\/script>\n<!-- \/ Yoast SEO plugin. -->","yoast_head_json":{"title":"Nomina a direttore dell'istituto - F\u00f6rderverein Zeitgeschichtsarchiv Pragser Wildsee","robots":{"index":"index","follow":"follow","max-snippet":"max-snippet:-1","max-image-preview":"max-image-preview:large","max-video-preview":"max-video-preview:-1"},"canonical":"https:\/\/www.foerdervereinzgapragserwildsee.com\/it\/2025\/02\/07\/ernennung-zum-institutsdirektor\/","og_locale":"it_IT","og_type":"article","og_title":"Nomina a direttore dell'istituto - F\u00f6rderverein Zeitgeschichtsarchiv Pragser Wildsee","og_description":"Lo storico e professore di storia contemporanea all&#8217;Universit\u00e0 di Bolzano Andrea Di Michele \u00e8 stato recentemente nominato direttore scientifico dell&#8217;Istituto per la storia della resistenza e la storia contemporanea &#8220;Ferruccio Parri&#8221; di Milano. Fondato nel 1949, questo istituto coordina la rete degli istituti per la storia della resistenza e la storia contemporanea in tutta Italia....","og_url":"https:\/\/www.foerdervereinzgapragserwildsee.com\/it\/2025\/02\/07\/ernennung-zum-institutsdirektor\/","og_site_name":"F\u00f6rderverein Zeitgeschichtsarchiv Pragser Wildsee","article_published_time":"2025-02-07T12:34:32+00:00","article_modified_time":"2025-08-05T07:59:37+00:00","og_image":[{"width":1048,"height":700,"url":"https:\/\/www.foerdervereinzgapragserwildsee.com\/wp-content\/uploads\/2025\/06\/andrea-di-michele.jpg","type":"image\/jpeg"}],"author":"prags_admin","twitter_card":"summary_large_image","twitter_misc":{"Scritto da":"prags_admin","Tempo di lettura stimato":"1 minuto"},"schema":{"@context":"https:\/\/schema.org","@graph":[{"@type":"WebPage","@id":"https:\/\/www.foerdervereinzgapragserwildsee.com\/it\/2025\/02\/07\/ernennung-zum-institutsdirektor\/","url":"https:\/\/www.foerdervereinzgapragserwildsee.com\/it\/2025\/02\/07\/ernennung-zum-institutsdirektor\/","name":"Nomina a direttore dell'istituto - F\u00f6rderverein Zeitgeschichtsarchiv Pragser Wildsee","isPartOf":{"@id":"https:\/\/www.foerdervereinzgapragserwildsee.com\/it\/#website"},"primaryImageOfPage":{"@id":"https:\/\/www.foerdervereinzgapragserwildsee.com\/it\/2025\/02\/07\/ernennung-zum-institutsdirektor\/#primaryimage"},"image":{"@id":"https:\/\/www.foerdervereinzgapragserwildsee.com\/it\/2025\/02\/07\/ernennung-zum-institutsdirektor\/#primaryimage"},"thumbnailUrl":"https:\/\/www.foerdervereinzgapragserwildsee.com\/wp-content\/uploads\/2025\/06\/andrea-di-michele.jpg","datePublished":"2025-02-07T12:34:32+00:00","dateModified":"2025-08-05T07:59:37+00:00","author":{"@id":"https:\/\/www.foerdervereinzgapragserwildsee.com\/it\/#\/schema\/person\/d85191c40fdf05889e1d86ea74509541"},"breadcrumb":{"@id":"https:\/\/www.foerdervereinzgapragserwildsee.com\/it\/2025\/02\/07\/ernennung-zum-institutsdirektor\/#breadcrumb"},"inLanguage":"it-IT","potentialAction":[{"@type":"ReadAction","target":["https:\/\/www.foerdervereinzgapragserwildsee.com\/it\/2025\/02\/07\/ernennung-zum-institutsdirektor\/"]}]},{"@type":"ImageObject","inLanguage":"it-IT","@id":"https:\/\/www.foerdervereinzgapragserwildsee.com\/it\/2025\/02\/07\/ernennung-zum-institutsdirektor\/#primaryimage","url":"https:\/\/www.foerdervereinzgapragserwildsee.com\/wp-content\/uploads\/2025\/06\/andrea-di-michele.jpg","contentUrl":"https:\/\/www.foerdervereinzgapragserwildsee.com\/wp-content\/uploads\/2025\/06\/andrea-di-michele.jpg","width":1048,"height":700},{"@type":"BreadcrumbList","@id":"https:\/\/www.foerdervereinzgapragserwildsee.com\/it\/2025\/02\/07\/ernennung-zum-institutsdirektor\/#breadcrumb","itemListElement":[{"@type":"ListItem","position":1,"name":"Home","item":"https:\/\/www.foerdervereinzgapragserwildsee.com\/it\/"},{"@type":"ListItem","position":2,"name":"Nomina a direttore dell&#8217;istituto"}]},{"@type":"WebSite","@id":"https:\/\/www.foerdervereinzgapragserwildsee.com\/it\/#website","url":"https:\/\/www.foerdervereinzgapragserwildsee.com\/it\/","name":"F\u00f6rderverein Zeitgeschichtsarchiv Pragser Wildsee","description":"","potentialAction":[{"@type":"SearchAction","target":{"@type":"EntryPoint","urlTemplate":"https:\/\/www.foerdervereinzgapragserwildsee.com\/it\/?s={search_term_string}"},"query-input":{"@type":"PropertyValueSpecification","valueRequired":true,"valueName":"search_term_string"}}],"inLanguage":"it-IT"},{"@type":"Person","@id":"https:\/\/www.foerdervereinzgapragserwildsee.com\/it\/#\/schema\/person\/d85191c40fdf05889e1d86ea74509541","name":"prags_admin","image":{"@type":"ImageObject","inLanguage":"it-IT","@id":"https:\/\/www.foerdervereinzgapragserwildsee.com\/it\/#\/schema\/person\/image\/","url":"https:\/\/secure.gravatar.com\/avatar\/848cf00334619f3f7e61be36783a2d36dacdd05431cc9280845b20a1da3a5385?s=96&d=mm&r=g","contentUrl":"https:\/\/secure.gravatar.com\/avatar\/848cf00334619f3f7e61be36783a2d36dacdd05431cc9280845b20a1da3a5385?s=96&d=mm&r=g","caption":"prags_admin"},"sameAs":["https:\/\/www.foerdervereinzgapragserwildsee.com"],"url":"https:\/\/www.foerdervereinzgapragserwildsee.com\/it\/author\/prags_admin\/"}]}},"_links":{"self":[{"href":"https:\/\/www.foerdervereinzgapragserwildsee.com\/it\/wp-json\/wp\/v2\/posts\/447","targetHints":{"allow":["GET"]}}],"collection":[{"href":"https:\/\/www.foerdervereinzgapragserwildsee.com\/it\/wp-json\/wp\/v2\/posts"}],"about":[{"href":"https:\/\/www.foerdervereinzgapragserwildsee.com\/it\/wp-json\/wp\/v2\/types\/post"}],"author":[{"embeddable":true,"href":"https:\/\/www.foerdervereinzgapragserwildsee.com\/it\/wp-json\/wp\/v2\/users\/1"}],"replies":[{"embeddable":true,"href":"https:\/\/www.foerdervereinzgapragserwildsee.com\/it\/wp-json\/wp\/v2\/comments?post=447"}],"version-history":[{"count":1,"href":"https:\/\/www.foerdervereinzgapragserwildsee.com\/it\/wp-json\/wp\/v2\/posts\/447\/revisions"}],"predecessor-version":[{"id":448,"href":"https:\/\/www.foerdervereinzgapragserwildsee.com\/it\/wp-json\/wp\/v2\/posts\/447\/revisions\/448"}],"wp:featuredmedia":[{"embeddable":true,"href":"https:\/\/www.foerdervereinzgapragserwildsee.com\/it\/wp-json\/wp\/v2\/media\/302"}],"wp:attachment":[{"href":"https:\/\/www.foerdervereinzgapragserwildsee.com\/it\/wp-json\/wp\/v2\/media?parent=447"}],"wp:term":[{"taxonomy":"category","embeddable":true,"href":"https:\/\/www.foerdervereinzgapragserwildsee.com\/it\/wp-json\/wp\/v2\/categories?post=447"},{"taxonomy":"post_tag","embeddable":true,"href":"https:\/\/www.foerdervereinzgapragserwildsee.com\/it\/wp-json\/wp\/v2\/tags?post=447"}],"curies":[{"name":"wp","href":"https:\/\/api.w.org\/{rel}","templated":true}]}}